{"id":6033,"date":"2016-09-08T12:27:28","date_gmt":"2016-09-08T12:27:28","guid":{"rendered":"http:\/\/www.fv.ulpgc.es\/?p=6033"},"modified":"2016-09-08T12:27:28","modified_gmt":"2016-09-08T12:27:28","slug":"documental-nomadas-del-viento-14-de-septiembre-aula-magna-1230-horas","status":"publish","type":"post","link":"https:\/\/www.vet.ulpgc.es\/en\/documental-nomadas-del-viento-14-de-septiembre-aula-magna-1230-horas\/","title":{"rendered":"Documentary Wind Nomads September 14 Aula Magna 12:30 pm"},"content":{"rendered":"<p>On the occasion of the XX Anniversary of AVAFES Canarias during this academic year 2016-17 we will carry out the broadcast of a series of documentaries at the Faculty of Veterinary Medicine.<a href=\"https:\/\/fv.ulpgc.es\/wp-content\/uploads\/2016\/09\/nomadas_del_viento.jpg\" rel=\"attachment wp-att-6036\"><img fetchpriority=\"high\" decoding=\"async\" class=\"size-full wp-image-6036 alignright\" src=\"https:\/\/fv.ulpgc.es\/wp-content\/uploads\/2016\/09\/nomadas_del_viento.jpg\" alt=\"Documental N&oacute;madas del Viento 14 de septiembre\" width=\"300\" height=\"421\" srcset=\"https:\/\/www.vet.ulpgc.es\/wp-content\/uploads\/2016\/09\/nomadas_del_viento.jpg 300w, https:\/\/www.vet.ulpgc.es\/wp-content\/uploads\/2016\/09\/nomadas_del_viento-9x12.jpg 9w\" sizes=\"(max-width: 300px) 100vw, 300px\" \/><\/a><br \/>\nWe&#039;ll start next week with WIND NOMADS, directed by Jacques Perrin. A spectacular documentary that shows unique images, a healthy recommendation to get carried away by movement. The story of migratory birds is the story of a promise... The promise of return. If they make journeys, often thousands of kilometers long and full of dangers, if they reach the highest peaks, the enormous oceans, the inhospitable deserts, if they face the elements, it is to respond to the same need: to survive.<br \/>\nGo ahead and enjoy N\u00f3madas del Viento on Wednesday the 14th in the Aula Magna of the Faculty of Veterinary Medicine at 12:30 p.m. Duration 88 minutes.<\/p>\n<p><strong>Avafes Canarias is an association of veterinarians concerned about the conservation of the environment!<\/strong><br \/>\nWe hope it is of your interest.<br \/>\nAll the best<\/p>\n<p><strong>Maria Camacho Rodriguez<\/strong><br \/>\nPresident of AVAFES Canarias<br \/>\navafescanarias@gmail.com<br \/>\n<a href=\"http:\/\/www.avafescanarias.com\" target=\"_blank\" rel=\"noopener\">www.avafescanarias.com<\/a><\/p>\n<p>&nbsp;<\/p>\n<p><a href=\"https:\/\/youtu.be\/XFtqKRRn4XQ\">https:\/\/youtu.be\/XFtqKRRn4XQ<\/a><\/p>\n<p>&nbsp;<\/p>","protected":false},"excerpt":{"rendered":"<p>Con motivo del XX Aniversario de AVAFES Canarias durante este curso acad\u00e9mico 2016-17 llevaremos a cabo la emisi\u00f3n de una serie de documentales en la Facultad de Veterinaria. Daremos comienzo la semana que viene con N\u00d3MADAS DEL VIENTO, dirigido por Jacques Perrin. Un documental espectacular que muestra unas im\u00e1genes \u00fanicas, una sana recomendaci\u00f3n para dejarse&hellip;&nbsp;<\/p>\n<div class=\"read-more-wrapper\"><a href=\"https:\/\/www.vet.ulpgc.es\/en\/documental-nomadas-del-viento-14-de-septiembre-aula-magna-1230-horas\/\" class=\"button button-primary\" rel=\"bookmark\">Read More &raquo;<span class=\"screen-reader-text\">Documentary Wind Nomads September 14 Aula Magna 12:30 pm<\/span><\/a><\/div>","protected":false},"author":1,"featured_media":0,"comment_status":"closed","ping_status":"closed","sticky":false,"template":"","format":"standard","meta":{"neve_meta_sidebar":"","neve_meta_container":"","neve_meta_enable_content_width":"","neve_meta_content_width":0,"neve_meta_title_alignment":"","neve_meta_author_avatar":"","neve_post_elements_order":"","neve_meta_disable_header":"","neve_meta_disable_footer":"","neve_meta_disable_title":"","neve_meta_reading_time":"","footnotes":""},"categories":[127],"tags":[15,32,52,54,112,117,119],"class_list":["post-6033","post","type-post","status-publish","format-standard","hentry","category-facultad-veterinaria","tag-fvulpgc","tag-canarias","tag-espana","tag-facultad","tag-ulpgc","tag-veterinaria","tag-veterinary"],"yoast_head":"<!-- This site is optimized with the Yoast SEO plugin v27.2 - https:\/\/yoast.com\/product\/yoast-seo-wordpress\/ -->\n<title>Documental N\u00f3madas del Viento 14 de septiembre Aula Magna 12:30 horas - Facultad de Veterinaria - Universidad de Las Palmas de Gran Canaria<\/title>\n<meta name=\"description\" content=\"Documental N\u00f3madas del Viento 14 de septiembre Aula Magna 12:30 horas\" \/>\n<meta name=\"robots\" content=\"index, follow, max-snippet:-1, max-image-preview:large, max-video-preview:-1\" \/>\n<link rel=\"canonical\" href=\"https:\/\/www.vet.ulpgc.es\/en\/documental-nomadas-del-viento-14-de-septiembre-aula-magna-1230-horas\/\" \/>\n<meta property=\"og:locale\" content=\"en_GB\" \/>\n<meta property=\"og:type\" content=\"article\" \/>\n<meta property=\"og:title\" content=\"Documental N\u00f3madas del Viento 14 de septiembre Aula Magna 12:30 horas - Facultad de Veterinaria - Universidad de Las Palmas de Gran Canaria\" \/>\n<meta property=\"og:description\" content=\"Documental N\u00f3madas del Viento 14 de septiembre Aula Magna 12:30 horas\" \/>\n<meta property=\"og:url\" content=\"https:\/\/www.vet.ulpgc.es\/en\/documental-nomadas-del-viento-14-de-septiembre-aula-magna-1230-horas\/\" \/>\n<meta property=\"og:site_name\" content=\"Facultad de Veterinaria - Universidad de Las Palmas de Gran Canaria\" \/>\n<meta property=\"article:published_time\" content=\"2016-09-08T12:27:28+00:00\" \/>\n<meta property=\"og:image\" content=\"https:\/\/fv.ulpgc.es\/wp-content\/uploads\/2016\/09\/nomadas_del_viento.jpg\" \/>\n<meta name=\"author\" content=\"Facultad Veterinaria\" \/>\n<meta name=\"twitter:card\" content=\"summary_large_image\" \/>\n<meta name=\"twitter:label1\" content=\"Written by\" \/>\n\t<meta name=\"twitter:data1\" content=\"Facultad Veterinaria\" \/>\n\t<meta name=\"twitter:label2\" content=\"Estimated reading time\" \/>\n\t<meta name=\"twitter:data2\" content=\"1 minute\" \/>\n<script type=\"application\/ld+json\" class=\"yoast-schema-graph\">{\"@context\":\"https:\/\/schema.org\",\"@graph\":[{\"@type\":\"Article\",\"@id\":\"https:\/\/www.vet.ulpgc.es\/documental-nomadas-del-viento-14-de-septiembre-aula-magna-1230-horas\/#article\",\"isPartOf\":{\"@id\":\"https:\/\/www.vet.ulpgc.es\/documental-nomadas-del-viento-14-de-septiembre-aula-magna-1230-horas\/\"},\"author\":{\"name\":\"Facultad Veterinaria\",\"@id\":\"https:\/\/www.vet.ulpgc.es\/#\/schema\/person\/d025fd34e26061d01a94416c6506a2d6\"},\"headline\":\"Documental N\u00f3madas del Viento 14 de septiembre Aula Magna 12:30 horas\",\"datePublished\":\"2016-09-08T12:27:28+00:00\",\"mainEntityOfPage\":{\"@id\":\"https:\/\/www.vet.ulpgc.es\/documental-nomadas-del-viento-14-de-septiembre-aula-magna-1230-horas\/\"},\"wordCount\":210,\"publisher\":{\"@id\":\"https:\/\/www.vet.ulpgc.es\/#organization\"},\"image\":{\"@id\":\"https:\/\/www.vet.ulpgc.es\/documental-nomadas-del-viento-14-de-septiembre-aula-magna-1230-horas\/#primaryimage\"},\"thumbnailUrl\":\"https:\/\/fv.ulpgc.es\/wp-content\/uploads\/2016\/09\/nomadas_del_viento.jpg\",\"keywords\":[\"@fvulpgc\",\"canarias\",\"espa\u00f1a\",\"facultad\",\"ulpgc\",\"veterinaria\",\"veterinary\"],\"articleSection\":[\"facultad veterinaria\"],\"inLanguage\":\"en-GB\"},{\"@type\":\"WebPage\",\"@id\":\"https:\/\/www.vet.ulpgc.es\/documental-nomadas-del-viento-14-de-septiembre-aula-magna-1230-horas\/\",\"url\":\"https:\/\/www.vet.ulpgc.es\/documental-nomadas-del-viento-14-de-septiembre-aula-magna-1230-horas\/\",\"name\":\"Documental N\u00f3madas del Viento 14 de septiembre Aula Magna 12:30 horas - Facultad de Veterinaria - Universidad de Las Palmas de Gran Canaria\",\"isPartOf\":{\"@id\":\"https:\/\/www.vet.ulpgc.es\/#website\"},\"primaryImageOfPage\":{\"@id\":\"https:\/\/www.vet.ulpgc.es\/documental-nomadas-del-viento-14-de-septiembre-aula-magna-1230-horas\/#primaryimage\"},\"image\":{\"@id\":\"https:\/\/www.vet.ulpgc.es\/documental-nomadas-del-viento-14-de-septiembre-aula-magna-1230-horas\/#primaryimage\"},\"thumbnailUrl\":\"https:\/\/fv.ulpgc.es\/wp-content\/uploads\/2016\/09\/nomadas_del_viento.jpg\",\"datePublished\":\"2016-09-08T12:27:28+00:00\",\"description\":\"Documental N\u00f3madas del Viento 14 de septiembre Aula Magna 12:30 horas\",\"breadcrumb\":{\"@id\":\"https:\/\/www.vet.ulpgc.es\/documental-nomadas-del-viento-14-de-septiembre-aula-magna-1230-horas\/#breadcrumb\"},\"inLanguage\":\"en-GB\",\"potentialAction\":[{\"@type\":\"ReadAction\",\"target\":[\"https:\/\/www.vet.ulpgc.es\/documental-nomadas-del-viento-14-de-septiembre-aula-magna-1230-horas\/\"]}]},{\"@type\":\"ImageObject\",\"inLanguage\":\"en-GB\",\"@id\":\"https:\/\/www.vet.ulpgc.es\/documental-nomadas-del-viento-14-de-septiembre-aula-magna-1230-horas\/#primaryimage\",\"url\":\"https:\/\/fv.ulpgc.es\/wp-content\/uploads\/2016\/09\/nomadas_del_viento.jpg\",\"contentUrl\":\"https:\/\/fv.ulpgc.es\/wp-content\/uploads\/2016\/09\/nomadas_del_viento.jpg\"},{\"@type\":\"BreadcrumbList\",\"@id\":\"https:\/\/www.vet.ulpgc.es\/documental-nomadas-del-viento-14-de-septiembre-aula-magna-1230-horas\/#breadcrumb\",\"itemListElement\":[{\"@type\":\"ListItem\",\"position\":1,\"name\":\"Inicio\",\"item\":\"https:\/\/www.vet.ulpgc.es\/\"},{\"@type\":\"ListItem\",\"position\":2,\"name\":\"Documental N\u00f3madas del Viento 14 de septiembre Aula Magna 12:30 horas\"}]},{\"@type\":\"WebSite\",\"@id\":\"https:\/\/www.vet.ulpgc.es\/#website\",\"url\":\"https:\/\/www.vet.ulpgc.es\/\",\"name\":\"Facultad de Veterinaria - Universidad de Las Palmas de Gran Canaria\",\"description\":\"ULPGC\",\"publisher\":{\"@id\":\"https:\/\/www.vet.ulpgc.es\/#organization\"},\"potentialAction\":[{\"@type\":\"SearchAction\",\"target\":{\"@type\":\"EntryPoint\",\"urlTemplate\":\"https:\/\/www.vet.ulpgc.es\/?s={search_term_string}\"},\"query-input\":{\"@type\":\"PropertyValueSpecification\",\"valueRequired\":true,\"valueName\":\"search_term_string\"}}],\"inLanguage\":\"en-GB\"},{\"@type\":\"Organization\",\"@id\":\"https:\/\/www.vet.ulpgc.es\/#organization\",\"name\":\"Facultad de Veterinaria ULPGC\",\"alternateName\":\"Facultad de Veterinaria de Las Palmas\",\"url\":\"https:\/\/www.vet.ulpgc.es\/\",\"logo\":{\"@type\":\"ImageObject\",\"inLanguage\":\"en-GB\",\"@id\":\"https:\/\/www.vet.ulpgc.es\/#\/schema\/logo\/image\/\",\"url\":\"\",\"contentUrl\":\"\",\"caption\":\"Facultad de Veterinaria ULPGC\"},\"image\":{\"@id\":\"https:\/\/www.vet.ulpgc.es\/#\/schema\/logo\/image\/\"}},{\"@type\":\"Person\",\"@id\":\"https:\/\/www.vet.ulpgc.es\/#\/schema\/person\/d025fd34e26061d01a94416c6506a2d6\",\"name\":\"Facultad Veterinaria\",\"image\":{\"@type\":\"ImageObject\",\"inLanguage\":\"en-GB\",\"@id\":\"https:\/\/secure.gravatar.com\/avatar\/fa74362430e1b1b376c0b027c2757acdf7cc58d6cc45bd094b2c6bd1211821fa?s=96&d=mm&r=g\",\"url\":\"https:\/\/secure.gravatar.com\/avatar\/fa74362430e1b1b376c0b027c2757acdf7cc58d6cc45bd094b2c6bd1211821fa?s=96&d=mm&r=g\",\"contentUrl\":\"https:\/\/secure.gravatar.com\/avatar\/fa74362430e1b1b376c0b027c2757acdf7cc58d6cc45bd094b2c6bd1211821fa?s=96&d=mm&r=g\",\"caption\":\"Facultad Veterinaria\"},\"sameAs\":[\"https:\/\/fv.ulpgc.es\"],\"url\":\"https:\/\/www.vet.ulpgc.es\/en\/author\/facultad-veterinaria\/\"}]}<\/script>\n<!-- \/ Yoast SEO plugin. -->","yoast_head_json":{"title":"Documental N\u00f3madas del Viento 14 de septiembre Aula Magna 12:30 horas - Facultad de Veterinaria - Universidad de Las Palmas de Gran Canaria","description":"Documentary Wind Nomads September 14 Aula Magna 12:30 pm","robots":{"index":"index","follow":"follow","max-snippet":"max-snippet:-1","max-image-preview":"max-image-preview:large","max-video-preview":"max-video-preview:-1"},"canonical":"https:\/\/www.vet.ulpgc.es\/en\/documental-nomadas-del-viento-14-de-septiembre-aula-magna-1230-horas\/","og_locale":"en_GB","og_type":"article","og_title":"Documental N\u00f3madas del Viento 14 de septiembre Aula Magna 12:30 horas - Facultad de Veterinaria - Universidad de Las Palmas de Gran Canaria","og_description":"Documental N\u00f3madas del Viento 14 de septiembre Aula Magna 12:30 horas","og_url":"https:\/\/www.vet.ulpgc.es\/en\/documental-nomadas-del-viento-14-de-septiembre-aula-magna-1230-horas\/","og_site_name":"Facultad de Veterinaria - Universidad de Las Palmas de Gran Canaria","article_published_time":"2016-09-08T12:27:28+00:00","og_image":[{"url":"https:\/\/fv.ulpgc.es\/wp-content\/uploads\/2016\/09\/nomadas_del_viento.jpg","type":"","width":"","height":""}],"author":"Facultad Veterinaria","twitter_card":"summary_large_image","twitter_misc":{"Written by":"Facultad Veterinaria","Estimated reading time":"1 minute"},"schema":{"@context":"https:\/\/schema.org","@graph":[{"@type":"Article","@id":"https:\/\/www.vet.ulpgc.es\/documental-nomadas-del-viento-14-de-septiembre-aula-magna-1230-horas\/#article","isPartOf":{"@id":"https:\/\/www.vet.ulpgc.es\/documental-nomadas-del-viento-14-de-septiembre-aula-magna-1230-horas\/"},"author":{"name":"Facultad Veterinaria","@id":"https:\/\/www.vet.ulpgc.es\/#\/schema\/person\/d025fd34e26061d01a94416c6506a2d6"},"headline":"Documental N\u00f3madas del Viento 14 de septiembre Aula Magna 12:30 horas","datePublished":"2016-09-08T12:27:28+00:00","mainEntityOfPage":{"@id":"https:\/\/www.vet.ulpgc.es\/documental-nomadas-del-viento-14-de-septiembre-aula-magna-1230-horas\/"},"wordCount":210,"publisher":{"@id":"https:\/\/www.vet.ulpgc.es\/#organization"},"image":{"@id":"https:\/\/www.vet.ulpgc.es\/documental-nomadas-del-viento-14-de-septiembre-aula-magna-1230-horas\/#primaryimage"},"thumbnailUrl":"https:\/\/fv.ulpgc.es\/wp-content\/uploads\/2016\/09\/nomadas_del_viento.jpg","keywords":["@fvulpgc","canarias","espa\u00f1a","facultad","ulpgc","veterinaria","veterinary"],"articleSection":["facultad veterinaria"],"inLanguage":"en-GB"},{"@type":"WebPage","@id":"https:\/\/www.vet.ulpgc.es\/documental-nomadas-del-viento-14-de-septiembre-aula-magna-1230-horas\/","url":"https:\/\/www.vet.ulpgc.es\/documental-nomadas-del-viento-14-de-septiembre-aula-magna-1230-horas\/","name":"Documental N\u00f3madas del Viento 14 de septiembre Aula Magna 12:30 horas - Facultad de Veterinaria - Universidad de Las Palmas de Gran Canaria","isPartOf":{"@id":"https:\/\/www.vet.ulpgc.es\/#website"},"primaryImageOfPage":{"@id":"https:\/\/www.vet.ulpgc.es\/documental-nomadas-del-viento-14-de-septiembre-aula-magna-1230-horas\/#primaryimage"},"image":{"@id":"https:\/\/www.vet.ulpgc.es\/documental-nomadas-del-viento-14-de-septiembre-aula-magna-1230-horas\/#primaryimage"},"thumbnailUrl":"https:\/\/fv.ulpgc.es\/wp-content\/uploads\/2016\/09\/nomadas_del_viento.jpg","datePublished":"2016-09-08T12:27:28+00:00","description":"Documentary Wind Nomads September 14 Aula Magna 12:30 pm","breadcrumb":{"@id":"https:\/\/www.vet.ulpgc.es\/documental-nomadas-del-viento-14-de-septiembre-aula-magna-1230-horas\/#breadcrumb"},"inLanguage":"en-GB","potentialAction":[{"@type":"ReadAction","target":["https:\/\/www.vet.ulpgc.es\/documental-nomadas-del-viento-14-de-septiembre-aula-magna-1230-horas\/"]}]},{"@type":"ImageObject","inLanguage":"en-GB","@id":"https:\/\/www.vet.ulpgc.es\/documental-nomadas-del-viento-14-de-septiembre-aula-magna-1230-horas\/#primaryimage","url":"https:\/\/fv.ulpgc.es\/wp-content\/uploads\/2016\/09\/nomadas_del_viento.jpg","contentUrl":"https:\/\/fv.ulpgc.es\/wp-content\/uploads\/2016\/09\/nomadas_del_viento.jpg"},{"@type":"BreadcrumbList","@id":"https:\/\/www.vet.ulpgc.es\/documental-nomadas-del-viento-14-de-septiembre-aula-magna-1230-horas\/#breadcrumb","itemListElement":[{"@type":"ListItem","position":1,"name":"Inicio","item":"https:\/\/www.vet.ulpgc.es\/"},{"@type":"ListItem","position":2,"name":"Documental N\u00f3madas del Viento 14 de septiembre Aula Magna 12:30 horas"}]},{"@type":"WebSite","@id":"https:\/\/www.vet.ulpgc.es\/#website","url":"https:\/\/www.vet.ulpgc.es\/","name":"Faculty of Veterinary Medicine - University of Las Palmas de Gran Canaria","description":"ULPGC","publisher":{"@id":"https:\/\/www.vet.ulpgc.es\/#organization"},"potentialAction":[{"@type":"SearchAction","target":{"@type":"EntryPoint","urlTemplate":"https:\/\/www.vet.ulpgc.es\/?s={search_term_string}"},"query-input":{"@type":"PropertyValueSpecification","valueRequired":true,"valueName":"search_term_string"}}],"inLanguage":"en-GB"},{"@type":"Organization","@id":"https:\/\/www.vet.ulpgc.es\/#organization","name":"ULPGC Faculty of Veterinary Medicine","alternateName":"Facultad de Veterinaria de Las Palmas","url":"https:\/\/www.vet.ulpgc.es\/","logo":{"@type":"ImageObject","inLanguage":"en-GB","@id":"https:\/\/www.vet.ulpgc.es\/#\/schema\/logo\/image\/","url":"","contentUrl":"","caption":"Facultad de Veterinaria ULPGC"},"image":{"@id":"https:\/\/www.vet.ulpgc.es\/#\/schema\/logo\/image\/"}},{"@type":"Person","@id":"https:\/\/www.vet.ulpgc.es\/#\/schema\/person\/d025fd34e26061d01a94416c6506a2d6","name":"Facultad Veterinaria","image":{"@type":"ImageObject","inLanguage":"en-GB","@id":"https:\/\/secure.gravatar.com\/avatar\/fa74362430e1b1b376c0b027c2757acdf7cc58d6cc45bd094b2c6bd1211821fa?s=96&d=mm&r=g","url":"https:\/\/secure.gravatar.com\/avatar\/fa74362430e1b1b376c0b027c2757acdf7cc58d6cc45bd094b2c6bd1211821fa?s=96&d=mm&r=g","contentUrl":"https:\/\/secure.gravatar.com\/avatar\/fa74362430e1b1b376c0b027c2757acdf7cc58d6cc45bd094b2c6bd1211821fa?s=96&d=mm&r=g","caption":"Facultad Veterinaria"},"sameAs":["https:\/\/fv.ulpgc.es"],"url":"https:\/\/www.vet.ulpgc.es\/en\/author\/facultad-veterinaria\/"}]}},"_links":{"self":[{"href":"https:\/\/www.vet.ulpgc.es\/en\/wp-json\/wp\/v2\/posts\/6033","targetHints":{"allow":["GET"]}}],"collection":[{"href":"https:\/\/www.vet.ulpgc.es\/en\/wp-json\/wp\/v2\/posts"}],"about":[{"href":"https:\/\/www.vet.ulpgc.es\/en\/wp-json\/wp\/v2\/types\/post"}],"author":[{"embeddable":true,"href":"https:\/\/www.vet.ulpgc.es\/en\/wp-json\/wp\/v2\/users\/1"}],"replies":[{"embeddable":true,"href":"https:\/\/www.vet.ulpgc.es\/en\/wp-json\/wp\/v2\/comments?post=6033"}],"version-history":[{"count":0,"href":"https:\/\/www.vet.ulpgc.es\/en\/wp-json\/wp\/v2\/posts\/6033\/revisions"}],"wp:attachment":[{"href":"https:\/\/www.vet.ulpgc.es\/en\/wp-json\/wp\/v2\/media?parent=6033"}],"wp:term":[{"taxonomy":"category","embeddable":true,"href":"https:\/\/www.vet.ulpgc.es\/en\/wp-json\/wp\/v2\/categories?post=6033"},{"taxonomy":"post_tag","embeddable":true,"href":"https:\/\/www.vet.ulpgc.es\/en\/wp-json\/wp\/v2\/tags?post=6033"}],"curies":[{"name":"wp","href":"https:\/\/api.w.org\/{rel}","templated":true}]}}