{"id":5673,"date":"2016-04-01T10:43:07","date_gmt":"2016-04-01T10:43:07","guid":{"rendered":"http:\/\/www.fv.ulpgc.es\/?p=5673"},"modified":"2016-04-01T10:43:07","modified_gmt":"2016-04-01T10:43:07","slug":"estudiantes-de-veterinaria-avepa-sevc-2016-staff","status":"publish","type":"post","link":"https:\/\/www.vet.ulpgc.es\/en\/estudiantes-de-veterinaria-avepa-sevc-2016-staff\/","title":{"rendered":"AVEPA-SEVC Veterinary Students 2016 STAFF"},"content":{"rendered":"<p><a href=\"https:\/\/fv.ulpgc.es\/wp-content\/uploads\/2016\/04\/SEVC15_Staff_04v2.jpg\" rel=\"attachment wp-att-5681\"><img fetchpriority=\"high\" decoding=\"async\" class=\"wp-image-5681 alignright\" src=\"https:\/\/fv.ulpgc.es\/wp-content\/uploads\/2016\/04\/SEVC15_Staff_04v2.jpg\" alt=\"Estudiantes de Veterinaria AVEPA-SEVC 2016 STAFF\" width=\"360\" height=\"240\" srcset=\"https:\/\/www.vet.ulpgc.es\/wp-content\/uploads\/2016\/04\/SEVC15_Staff_04v2.jpg 600w, https:\/\/www.vet.ulpgc.es\/wp-content\/uploads\/2016\/04\/SEVC15_Staff_04v2-18x12.jpg 18w\" sizes=\"(max-width: 360px) 100vw, 360px\" \/><\/a>For yet another year, the Association of Veterinary Specialists in Small Animals (AVEPA) offers students of the Spanish Veterinary Faculties the possibility of attending the General Scientific Program of the Congress free of charge. In return, the student is asked for his support in organizing the meeting.<\/p>\n<p>The process for receiving applications will be from April 1 to June 10.<br \/>\nAll applications will receive an email from June 23 indicating if you have been selected.<\/p>\n<p>All the information in<\/p>\n<p><a href=\"http:\/\/sevc.info\/index.php\/es\/el-congreso?id=58\">http:\/\/sevc.info\/index.php\/es\/el-congreso?id=58<\/a><\/p>\n<p>&nbsp;<\/p>","protected":false},"excerpt":{"rendered":"<p>Un a\u00f1o m\u00e1s, la Asociaci\u00f3n de Veterinarios Especialistas en Peque\u00f1os Animales (AVEPA) ofrece a los alumnos de las Facultades de Veterinaria Espa\u00f1olas la posibilidad de asistir al Programa Cient\u00edfico General del Congreso de forma gratuita. En contrapartida se solicita al alumno su apoyo en la organizaci\u00f3n del encuentro. El proceso de recepci\u00f3n de solicitudes ser\u00e1&hellip;&nbsp;<\/p>\n<div class=\"read-more-wrapper\"><a href=\"https:\/\/www.vet.ulpgc.es\/en\/estudiantes-de-veterinaria-avepa-sevc-2016-staff\/\" class=\"button button-primary\" rel=\"bookmark\">Read More &raquo;<span class=\"screen-reader-text\">AVEPA-SEVC Veterinary Students 2016 STAFF<\/span><\/a><\/div>","protected":false},"author":1,"featured_media":0,"comment_status":"closed","ping_status":"closed","sticky":false,"template":"","format":"standard","meta":{"neve_meta_sidebar":"","neve_meta_container":"","neve_meta_enable_content_width":"","neve_meta_content_width":0,"neve_meta_title_alignment":"","neve_meta_author_avatar":"","neve_post_elements_order":"","neve_meta_disable_header":"","neve_meta_disable_footer":"","neve_meta_disable_title":"","neve_meta_reading_time":"","footnotes":""},"categories":[127],"tags":[],"class_list":["post-5673","post","type-post","status-publish","format-standard","hentry","category-facultad-veterinaria"],"yoast_head":"<!-- This site is optimized with the Yoast SEO plugin v27.2 - https:\/\/yoast.com\/product\/yoast-seo-wordpress\/ -->\n<title>Estudiantes de Veterinaria AVEPA-SEVC 2016 STAFF - Facultad de Veterinaria - Universidad de Las Palmas de Gran Canaria<\/title>\n<meta name=\"description\" content=\"Estudiantes de Veterinaria AVEPA-SEVC 2016 STAFF\" \/>\n<meta name=\"robots\" content=\"index, follow, max-snippet:-1, max-image-preview:large, max-video-preview:-1\" \/>\n<link rel=\"canonical\" href=\"https:\/\/www.vet.ulpgc.es\/en\/estudiantes-de-veterinaria-avepa-sevc-2016-staff\/\" \/>\n<meta property=\"og:locale\" content=\"en_GB\" \/>\n<meta property=\"og:type\" content=\"article\" \/>\n<meta property=\"og:title\" content=\"Estudiantes de Veterinaria AVEPA-SEVC 2016 STAFF - Facultad de Veterinaria - Universidad de Las Palmas de Gran Canaria\" \/>\n<meta property=\"og:description\" content=\"Estudiantes de Veterinaria AVEPA-SEVC 2016 STAFF\" \/>\n<meta property=\"og:url\" content=\"https:\/\/www.vet.ulpgc.es\/en\/estudiantes-de-veterinaria-avepa-sevc-2016-staff\/\" \/>\n<meta property=\"og:site_name\" content=\"Facultad de Veterinaria - Universidad de Las Palmas de Gran Canaria\" \/>\n<meta property=\"article:published_time\" content=\"2016-04-01T10:43:07+00:00\" \/>\n<meta property=\"og:image\" content=\"https:\/\/fv.ulpgc.es\/wp-content\/uploads\/2016\/04\/SEVC15_Staff_04v2.jpg\" \/>\n<meta name=\"author\" content=\"Facultad Veterinaria\" \/>\n<meta name=\"twitter:card\" content=\"summary_large_image\" \/>\n<meta name=\"twitter:label1\" content=\"Written by\" \/>\n\t<meta name=\"twitter:data1\" content=\"Facultad Veterinaria\" \/>\n\t<meta name=\"twitter:label2\" content=\"Estimated reading time\" \/>\n\t<meta name=\"twitter:data2\" content=\"1 minute\" \/>\n<script type=\"application\/ld+json\" class=\"yoast-schema-graph\">{\"@context\":\"https:\/\/schema.org\",\"@graph\":[{\"@type\":\"Article\",\"@id\":\"https:\/\/www.vet.ulpgc.es\/estudiantes-de-veterinaria-avepa-sevc-2016-staff\/#article\",\"isPartOf\":{\"@id\":\"https:\/\/www.vet.ulpgc.es\/estudiantes-de-veterinaria-avepa-sevc-2016-staff\/\"},\"author\":{\"name\":\"Facultad Veterinaria\",\"@id\":\"https:\/\/www.vet.ulpgc.es\/#\/schema\/person\/d025fd34e26061d01a94416c6506a2d6\"},\"headline\":\"Estudiantes de Veterinaria AVEPA-SEVC 2016 STAFF\",\"datePublished\":\"2016-04-01T10:43:07+00:00\",\"mainEntityOfPage\":{\"@id\":\"https:\/\/www.vet.ulpgc.es\/estudiantes-de-veterinaria-avepa-sevc-2016-staff\/\"},\"wordCount\":107,\"publisher\":{\"@id\":\"https:\/\/www.vet.ulpgc.es\/#organization\"},\"image\":{\"@id\":\"https:\/\/www.vet.ulpgc.es\/estudiantes-de-veterinaria-avepa-sevc-2016-staff\/#primaryimage\"},\"thumbnailUrl\":\"https:\/\/fv.ulpgc.es\/wp-content\/uploads\/2016\/04\/SEVC15_Staff_04v2.jpg\",\"articleSection\":[\"facultad veterinaria\"],\"inLanguage\":\"en-GB\"},{\"@type\":\"WebPage\",\"@id\":\"https:\/\/www.vet.ulpgc.es\/estudiantes-de-veterinaria-avepa-sevc-2016-staff\/\",\"url\":\"https:\/\/www.vet.ulpgc.es\/estudiantes-de-veterinaria-avepa-sevc-2016-staff\/\",\"name\":\"Estudiantes de Veterinaria AVEPA-SEVC 2016 STAFF - Facultad de Veterinaria - Universidad de Las Palmas de Gran Canaria\",\"isPartOf\":{\"@id\":\"https:\/\/www.vet.ulpgc.es\/#website\"},\"primaryImageOfPage\":{\"@id\":\"https:\/\/www.vet.ulpgc.es\/estudiantes-de-veterinaria-avepa-sevc-2016-staff\/#primaryimage\"},\"image\":{\"@id\":\"https:\/\/www.vet.ulpgc.es\/estudiantes-de-veterinaria-avepa-sevc-2016-staff\/#primaryimage\"},\"thumbnailUrl\":\"https:\/\/fv.ulpgc.es\/wp-content\/uploads\/2016\/04\/SEVC15_Staff_04v2.jpg\",\"datePublished\":\"2016-04-01T10:43:07+00:00\",\"description\":\"Estudiantes de Veterinaria AVEPA-SEVC 2016 STAFF\",\"breadcrumb\":{\"@id\":\"https:\/\/www.vet.ulpgc.es\/estudiantes-de-veterinaria-avepa-sevc-2016-staff\/#breadcrumb\"},\"inLanguage\":\"en-GB\",\"potentialAction\":[{\"@type\":\"ReadAction\",\"target\":[\"https:\/\/www.vet.ulpgc.es\/estudiantes-de-veterinaria-avepa-sevc-2016-staff\/\"]}]},{\"@type\":\"ImageObject\",\"inLanguage\":\"en-GB\",\"@id\":\"https:\/\/www.vet.ulpgc.es\/estudiantes-de-veterinaria-avepa-sevc-2016-staff\/#primaryimage\",\"url\":\"https:\/\/fv.ulpgc.es\/wp-content\/uploads\/2016\/04\/SEVC15_Staff_04v2.jpg\",\"contentUrl\":\"https:\/\/fv.ulpgc.es\/wp-content\/uploads\/2016\/04\/SEVC15_Staff_04v2.jpg\"},{\"@type\":\"BreadcrumbList\",\"@id\":\"https:\/\/www.vet.ulpgc.es\/estudiantes-de-veterinaria-avepa-sevc-2016-staff\/#breadcrumb\",\"itemListElement\":[{\"@type\":\"ListItem\",\"position\":1,\"name\":\"Inicio\",\"item\":\"https:\/\/www.vet.ulpgc.es\/\"},{\"@type\":\"ListItem\",\"position\":2,\"name\":\"Estudiantes de Veterinaria AVEPA-SEVC 2016 STAFF\"}]},{\"@type\":\"WebSite\",\"@id\":\"https:\/\/www.vet.ulpgc.es\/#website\",\"url\":\"https:\/\/www.vet.ulpgc.es\/\",\"name\":\"Facultad de Veterinaria - Universidad de Las Palmas de Gran Canaria\",\"description\":\"ULPGC\",\"publisher\":{\"@id\":\"https:\/\/www.vet.ulpgc.es\/#organization\"},\"potentialAction\":[{\"@type\":\"SearchAction\",\"target\":{\"@type\":\"EntryPoint\",\"urlTemplate\":\"https:\/\/www.vet.ulpgc.es\/?s={search_term_string}\"},\"query-input\":{\"@type\":\"PropertyValueSpecification\",\"valueRequired\":true,\"valueName\":\"search_term_string\"}}],\"inLanguage\":\"en-GB\"},{\"@type\":\"Organization\",\"@id\":\"https:\/\/www.vet.ulpgc.es\/#organization\",\"name\":\"Facultad de Veterinaria ULPGC\",\"alternateName\":\"Facultad de Veterinaria de Las Palmas\",\"url\":\"https:\/\/www.vet.ulpgc.es\/\",\"logo\":{\"@type\":\"ImageObject\",\"inLanguage\":\"en-GB\",\"@id\":\"https:\/\/www.vet.ulpgc.es\/#\/schema\/logo\/image\/\",\"url\":\"\",\"contentUrl\":\"\",\"caption\":\"Facultad de Veterinaria ULPGC\"},\"image\":{\"@id\":\"https:\/\/www.vet.ulpgc.es\/#\/schema\/logo\/image\/\"}},{\"@type\":\"Person\",\"@id\":\"https:\/\/www.vet.ulpgc.es\/#\/schema\/person\/d025fd34e26061d01a94416c6506a2d6\",\"name\":\"Facultad Veterinaria\",\"image\":{\"@type\":\"ImageObject\",\"inLanguage\":\"en-GB\",\"@id\":\"https:\/\/secure.gravatar.com\/avatar\/fa74362430e1b1b376c0b027c2757acdf7cc58d6cc45bd094b2c6bd1211821fa?s=96&d=mm&r=g\",\"url\":\"https:\/\/secure.gravatar.com\/avatar\/fa74362430e1b1b376c0b027c2757acdf7cc58d6cc45bd094b2c6bd1211821fa?s=96&d=mm&r=g\",\"contentUrl\":\"https:\/\/secure.gravatar.com\/avatar\/fa74362430e1b1b376c0b027c2757acdf7cc58d6cc45bd094b2c6bd1211821fa?s=96&d=mm&r=g\",\"caption\":\"Facultad Veterinaria\"},\"sameAs\":[\"https:\/\/fv.ulpgc.es\"],\"url\":\"https:\/\/www.vet.ulpgc.es\/en\/author\/facultad-veterinaria\/\"}]}<\/script>\n<!-- \/ Yoast SEO plugin. -->","yoast_head_json":{"title":"Estudiantes de Veterinaria AVEPA-SEVC 2016 STAFF - Facultad de Veterinaria - Universidad de Las Palmas de Gran Canaria","description":"AVEPA-SEVC Veterinary Students 2016 STAFF","robots":{"index":"index","follow":"follow","max-snippet":"max-snippet:-1","max-image-preview":"max-image-preview:large","max-video-preview":"max-video-preview:-1"},"canonical":"https:\/\/www.vet.ulpgc.es\/en\/estudiantes-de-veterinaria-avepa-sevc-2016-staff\/","og_locale":"en_GB","og_type":"article","og_title":"Estudiantes de Veterinaria AVEPA-SEVC 2016 STAFF - Facultad de Veterinaria - Universidad de Las Palmas de Gran Canaria","og_description":"Estudiantes de Veterinaria AVEPA-SEVC 2016 STAFF","og_url":"https:\/\/www.vet.ulpgc.es\/en\/estudiantes-de-veterinaria-avepa-sevc-2016-staff\/","og_site_name":"Facultad de Veterinaria - Universidad de Las Palmas de Gran Canaria","article_published_time":"2016-04-01T10:43:07+00:00","og_image":[{"url":"https:\/\/fv.ulpgc.es\/wp-content\/uploads\/2016\/04\/SEVC15_Staff_04v2.jpg","type":"","width":"","height":""}],"author":"Facultad Veterinaria","twitter_card":"summary_large_image","twitter_misc":{"Written by":"Facultad Veterinaria","Estimated reading time":"1 minute"},"schema":{"@context":"https:\/\/schema.org","@graph":[{"@type":"Article","@id":"https:\/\/www.vet.ulpgc.es\/estudiantes-de-veterinaria-avepa-sevc-2016-staff\/#article","isPartOf":{"@id":"https:\/\/www.vet.ulpgc.es\/estudiantes-de-veterinaria-avepa-sevc-2016-staff\/"},"author":{"name":"Facultad Veterinaria","@id":"https:\/\/www.vet.ulpgc.es\/#\/schema\/person\/d025fd34e26061d01a94416c6506a2d6"},"headline":"Estudiantes de Veterinaria AVEPA-SEVC 2016 STAFF","datePublished":"2016-04-01T10:43:07+00:00","mainEntityOfPage":{"@id":"https:\/\/www.vet.ulpgc.es\/estudiantes-de-veterinaria-avepa-sevc-2016-staff\/"},"wordCount":107,"publisher":{"@id":"https:\/\/www.vet.ulpgc.es\/#organization"},"image":{"@id":"https:\/\/www.vet.ulpgc.es\/estudiantes-de-veterinaria-avepa-sevc-2016-staff\/#primaryimage"},"thumbnailUrl":"https:\/\/fv.ulpgc.es\/wp-content\/uploads\/2016\/04\/SEVC15_Staff_04v2.jpg","articleSection":["facultad veterinaria"],"inLanguage":"en-GB"},{"@type":"WebPage","@id":"https:\/\/www.vet.ulpgc.es\/estudiantes-de-veterinaria-avepa-sevc-2016-staff\/","url":"https:\/\/www.vet.ulpgc.es\/estudiantes-de-veterinaria-avepa-sevc-2016-staff\/","name":"Estudiantes de Veterinaria AVEPA-SEVC 2016 STAFF - Facultad de Veterinaria - Universidad de Las Palmas de Gran Canaria","isPartOf":{"@id":"https:\/\/www.vet.ulpgc.es\/#website"},"primaryImageOfPage":{"@id":"https:\/\/www.vet.ulpgc.es\/estudiantes-de-veterinaria-avepa-sevc-2016-staff\/#primaryimage"},"image":{"@id":"https:\/\/www.vet.ulpgc.es\/estudiantes-de-veterinaria-avepa-sevc-2016-staff\/#primaryimage"},"thumbnailUrl":"https:\/\/fv.ulpgc.es\/wp-content\/uploads\/2016\/04\/SEVC15_Staff_04v2.jpg","datePublished":"2016-04-01T10:43:07+00:00","description":"AVEPA-SEVC Veterinary Students 2016 STAFF","breadcrumb":{"@id":"https:\/\/www.vet.ulpgc.es\/estudiantes-de-veterinaria-avepa-sevc-2016-staff\/#breadcrumb"},"inLanguage":"en-GB","potentialAction":[{"@type":"ReadAction","target":["https:\/\/www.vet.ulpgc.es\/estudiantes-de-veterinaria-avepa-sevc-2016-staff\/"]}]},{"@type":"ImageObject","inLanguage":"en-GB","@id":"https:\/\/www.vet.ulpgc.es\/estudiantes-de-veterinaria-avepa-sevc-2016-staff\/#primaryimage","url":"https:\/\/fv.ulpgc.es\/wp-content\/uploads\/2016\/04\/SEVC15_Staff_04v2.jpg","contentUrl":"https:\/\/fv.ulpgc.es\/wp-content\/uploads\/2016\/04\/SEVC15_Staff_04v2.jpg"},{"@type":"BreadcrumbList","@id":"https:\/\/www.vet.ulpgc.es\/estudiantes-de-veterinaria-avepa-sevc-2016-staff\/#breadcrumb","itemListElement":[{"@type":"ListItem","position":1,"name":"Inicio","item":"https:\/\/www.vet.ulpgc.es\/"},{"@type":"ListItem","position":2,"name":"Estudiantes de Veterinaria AVEPA-SEVC 2016 STAFF"}]},{"@type":"WebSite","@id":"https:\/\/www.vet.ulpgc.es\/#website","url":"https:\/\/www.vet.ulpgc.es\/","name":"Faculty of Veterinary Medicine - University of Las Palmas de Gran Canaria","description":"ULPGC","publisher":{"@id":"https:\/\/www.vet.ulpgc.es\/#organization"},"potentialAction":[{"@type":"SearchAction","target":{"@type":"EntryPoint","urlTemplate":"https:\/\/www.vet.ulpgc.es\/?s={search_term_string}"},"query-input":{"@type":"PropertyValueSpecification","valueRequired":true,"valueName":"search_term_string"}}],"inLanguage":"en-GB"},{"@type":"Organization","@id":"https:\/\/www.vet.ulpgc.es\/#organization","name":"ULPGC Faculty of Veterinary Medicine","alternateName":"Facultad de Veterinaria de Las Palmas","url":"https:\/\/www.vet.ulpgc.es\/","logo":{"@type":"ImageObject","inLanguage":"en-GB","@id":"https:\/\/www.vet.ulpgc.es\/#\/schema\/logo\/image\/","url":"","contentUrl":"","caption":"Facultad de Veterinaria ULPGC"},"image":{"@id":"https:\/\/www.vet.ulpgc.es\/#\/schema\/logo\/image\/"}},{"@type":"Person","@id":"https:\/\/www.vet.ulpgc.es\/#\/schema\/person\/d025fd34e26061d01a94416c6506a2d6","name":"Facultad Veterinaria","image":{"@type":"ImageObject","inLanguage":"en-GB","@id":"https:\/\/secure.gravatar.com\/avatar\/fa74362430e1b1b376c0b027c2757acdf7cc58d6cc45bd094b2c6bd1211821fa?s=96&d=mm&r=g","url":"https:\/\/secure.gravatar.com\/avatar\/fa74362430e1b1b376c0b027c2757acdf7cc58d6cc45bd094b2c6bd1211821fa?s=96&d=mm&r=g","contentUrl":"https:\/\/secure.gravatar.com\/avatar\/fa74362430e1b1b376c0b027c2757acdf7cc58d6cc45bd094b2c6bd1211821fa?s=96&d=mm&r=g","caption":"Facultad Veterinaria"},"sameAs":["https:\/\/fv.ulpgc.es"],"url":"https:\/\/www.vet.ulpgc.es\/en\/author\/facultad-veterinaria\/"}]}},"_links":{"self":[{"href":"https:\/\/www.vet.ulpgc.es\/en\/wp-json\/wp\/v2\/posts\/5673","targetHints":{"allow":["GET"]}}],"collection":[{"href":"https:\/\/www.vet.ulpgc.es\/en\/wp-json\/wp\/v2\/posts"}],"about":[{"href":"https:\/\/www.vet.ulpgc.es\/en\/wp-json\/wp\/v2\/types\/post"}],"author":[{"embeddable":true,"href":"https:\/\/www.vet.ulpgc.es\/en\/wp-json\/wp\/v2\/users\/1"}],"replies":[{"embeddable":true,"href":"https:\/\/www.vet.ulpgc.es\/en\/wp-json\/wp\/v2\/comments?post=5673"}],"version-history":[{"count":0,"href":"https:\/\/www.vet.ulpgc.es\/en\/wp-json\/wp\/v2\/posts\/5673\/revisions"}],"wp:attachment":[{"href":"https:\/\/www.vet.ulpgc.es\/en\/wp-json\/wp\/v2\/media?parent=5673"}],"wp:term":[{"taxonomy":"category","embeddable":true,"href":"https:\/\/www.vet.ulpgc.es\/en\/wp-json\/wp\/v2\/categories?post=5673"},{"taxonomy":"post_tag","embeddable":true,"href":"https:\/\/www.vet.ulpgc.es\/en\/wp-json\/wp\/v2\/tags?post=5673"}],"curies":[{"name":"wp","href":"https:\/\/api.w.org\/{rel}","templated":true}]}}