{"id":1583,"date":"2012-02-20T17:35:43","date_gmt":"2012-02-20T17:35:43","guid":{"rendered":"http:\/\/www.fv.ulpgc.es\/?p=1583"},"modified":"2012-02-20T17:35:43","modified_gmt":"2012-02-20T17:35:43","slug":"video-promocional-de-la-facultad-de-veterinaria","status":"publish","type":"post","link":"https:\/\/www.vet.ulpgc.es\/en\/video-promocional-de-la-facultad-de-veterinaria\/","title":{"rendered":"Another video about the Faculty of Veterinary Medicine"},"content":{"rendered":"<p>Video about the Faculty of Veterinary Medicine in the television program &quot;G\u00e9nesis&quot;, oriented towards scientific and technological dissemination, a production, carried out in 2009 with the support of the Septenio program of the Government of the Canary Islands, within the dissemination actions of the science supported within the celebration of the International Year of Astronomy (May 9, 2011).<\/p>\n<p><iframe src=\"http:\/\/www.youtube.com\/embed\/HW7iHqR518s\" frameborder=\"0\" width=\"640\" height=\"360\"><\/iframe><\/p>","protected":false},"excerpt":{"rendered":"<p>V\u00eddeo sobre la Facultad de Veterinaria en el programa de televisi\u00f3n \u00abG\u00e9nesis\u00bb, orientado a la difusi\u00f3n cient\u00edfica y tecnol\u00f3gica, una producci\u00f3n, llevada a cabo en 2009 con el apoyo del programa Septenio del Gobierno de Canarias, dentro de las acciones de divulgaci\u00f3n de la ciencia respaldadas dentro de la celebraci\u00f3n del A\u00f1o Internacional de la&hellip;&nbsp;<\/p>\n<div class=\"read-more-wrapper\"><a href=\"https:\/\/www.vet.ulpgc.es\/en\/video-promocional-de-la-facultad-de-veterinaria\/\" class=\"button button-primary\" rel=\"bookmark\">Read More &raquo;<span class=\"screen-reader-text\">Another video about the Faculty of Veterinary Medicine<\/span><\/a><\/div>","protected":false},"author":1,"featured_media":0,"comment_status":"closed","ping_status":"closed","sticky":false,"template":"","format":"standard","meta":{"neve_meta_sidebar":"","neve_meta_container":"","neve_meta_enable_content_width":"","neve_meta_content_width":0,"neve_meta_title_alignment":"","neve_meta_author_avatar":"","neve_post_elements_order":"","neve_meta_disable_header":"","neve_meta_disable_footer":"","neve_meta_disable_title":"","neve_meta_reading_time":"","footnotes":""},"categories":[13,127,10],"tags":[],"class_list":["post-1583","post","type-post","status-publish","format-standard","hentry","category-actividades","category-facultad-veterinaria","category-formacion"],"yoast_head":"<!-- This site is optimized with the Yoast SEO plugin v27.2 - https:\/\/yoast.com\/product\/yoast-seo-wordpress\/ -->\n<title>Otro v\u00eddeo sobre la Facultad de Veterinaria - Facultad de Veterinaria - Universidad de Las Palmas de Gran Canaria<\/title>\n<meta name=\"description\" content=\"Otro v\u00eddeo sobre la Facultad de Veterinaria\" \/>\n<meta name=\"robots\" content=\"index, follow, max-snippet:-1, max-image-preview:large, max-video-preview:-1\" \/>\n<link rel=\"canonical\" href=\"https:\/\/www.vet.ulpgc.es\/en\/video-promocional-de-la-facultad-de-veterinaria\/\" \/>\n<meta property=\"og:locale\" content=\"en_GB\" \/>\n<meta property=\"og:type\" content=\"article\" \/>\n<meta property=\"og:title\" content=\"Otro v\u00eddeo sobre la Facultad de Veterinaria - Facultad de Veterinaria - Universidad de Las Palmas de Gran Canaria\" \/>\n<meta property=\"og:description\" content=\"Otro v\u00eddeo sobre la Facultad de Veterinaria\" \/>\n<meta property=\"og:url\" content=\"https:\/\/www.vet.ulpgc.es\/en\/video-promocional-de-la-facultad-de-veterinaria\/\" \/>\n<meta property=\"og:site_name\" content=\"Facultad de Veterinaria - Universidad de Las Palmas de Gran Canaria\" \/>\n<meta property=\"article:published_time\" content=\"2012-02-20T17:35:43+00:00\" \/>\n<meta name=\"author\" content=\"Facultad Veterinaria\" \/>\n<meta name=\"twitter:card\" content=\"summary_large_image\" \/>\n<meta name=\"twitter:label1\" content=\"Written by\" \/>\n\t<meta name=\"twitter:data1\" content=\"Facultad Veterinaria\" \/>\n<script type=\"application\/ld+json\" class=\"yoast-schema-graph\">{\"@context\":\"https:\/\/schema.org\",\"@graph\":[{\"@type\":\"Article\",\"@id\":\"https:\/\/www.vet.ulpgc.es\/video-promocional-de-la-facultad-de-veterinaria\/#article\",\"isPartOf\":{\"@id\":\"https:\/\/www.vet.ulpgc.es\/video-promocional-de-la-facultad-de-veterinaria\/\"},\"author\":{\"name\":\"Facultad Veterinaria\",\"@id\":\"https:\/\/www.vet.ulpgc.es\/#\/schema\/person\/d025fd34e26061d01a94416c6506a2d6\"},\"headline\":\"Otro v\u00eddeo sobre la Facultad de Veterinaria\",\"datePublished\":\"2012-02-20T17:35:43+00:00\",\"mainEntityOfPage\":{\"@id\":\"https:\/\/www.vet.ulpgc.es\/video-promocional-de-la-facultad-de-veterinaria\/\"},\"wordCount\":77,\"publisher\":{\"@id\":\"https:\/\/www.vet.ulpgc.es\/#organization\"},\"articleSection\":[\"actividades\",\"facultad veterinaria\",\"formaci\u00f3n\"],\"inLanguage\":\"en-GB\"},{\"@type\":\"WebPage\",\"@id\":\"https:\/\/www.vet.ulpgc.es\/video-promocional-de-la-facultad-de-veterinaria\/\",\"url\":\"https:\/\/www.vet.ulpgc.es\/video-promocional-de-la-facultad-de-veterinaria\/\",\"name\":\"Otro v\u00eddeo sobre la Facultad de Veterinaria - Facultad de Veterinaria - Universidad de Las Palmas de Gran Canaria\",\"isPartOf\":{\"@id\":\"https:\/\/www.vet.ulpgc.es\/#website\"},\"datePublished\":\"2012-02-20T17:35:43+00:00\",\"description\":\"Otro v\u00eddeo sobre la Facultad de Veterinaria\",\"breadcrumb\":{\"@id\":\"https:\/\/www.vet.ulpgc.es\/video-promocional-de-la-facultad-de-veterinaria\/#breadcrumb\"},\"inLanguage\":\"en-GB\",\"potentialAction\":[{\"@type\":\"ReadAction\",\"target\":[\"https:\/\/www.vet.ulpgc.es\/video-promocional-de-la-facultad-de-veterinaria\/\"]}]},{\"@type\":\"BreadcrumbList\",\"@id\":\"https:\/\/www.vet.ulpgc.es\/video-promocional-de-la-facultad-de-veterinaria\/#breadcrumb\",\"itemListElement\":[{\"@type\":\"ListItem\",\"position\":1,\"name\":\"Inicio\",\"item\":\"https:\/\/www.vet.ulpgc.es\/\"},{\"@type\":\"ListItem\",\"position\":2,\"name\":\"Otro v\u00eddeo sobre la Facultad de Veterinaria\"}]},{\"@type\":\"WebSite\",\"@id\":\"https:\/\/www.vet.ulpgc.es\/#website\",\"url\":\"https:\/\/www.vet.ulpgc.es\/\",\"name\":\"Facultad de Veterinaria - Universidad de Las Palmas de Gran Canaria\",\"description\":\"ULPGC\",\"publisher\":{\"@id\":\"https:\/\/www.vet.ulpgc.es\/#organization\"},\"potentialAction\":[{\"@type\":\"SearchAction\",\"target\":{\"@type\":\"EntryPoint\",\"urlTemplate\":\"https:\/\/www.vet.ulpgc.es\/?s={search_term_string}\"},\"query-input\":{\"@type\":\"PropertyValueSpecification\",\"valueRequired\":true,\"valueName\":\"search_term_string\"}}],\"inLanguage\":\"en-GB\"},{\"@type\":\"Organization\",\"@id\":\"https:\/\/www.vet.ulpgc.es\/#organization\",\"name\":\"Facultad de Veterinaria ULPGC\",\"alternateName\":\"Facultad de Veterinaria de Las Palmas\",\"url\":\"https:\/\/www.vet.ulpgc.es\/\",\"logo\":{\"@type\":\"ImageObject\",\"inLanguage\":\"en-GB\",\"@id\":\"https:\/\/www.vet.ulpgc.es\/#\/schema\/logo\/image\/\",\"url\":\"\",\"contentUrl\":\"\",\"caption\":\"Facultad de Veterinaria ULPGC\"},\"image\":{\"@id\":\"https:\/\/www.vet.ulpgc.es\/#\/schema\/logo\/image\/\"}},{\"@type\":\"Person\",\"@id\":\"https:\/\/www.vet.ulpgc.es\/#\/schema\/person\/d025fd34e26061d01a94416c6506a2d6\",\"name\":\"Facultad Veterinaria\",\"image\":{\"@type\":\"ImageObject\",\"inLanguage\":\"en-GB\",\"@id\":\"https:\/\/secure.gravatar.com\/avatar\/fa74362430e1b1b376c0b027c2757acdf7cc58d6cc45bd094b2c6bd1211821fa?s=96&d=mm&r=g\",\"url\":\"https:\/\/secure.gravatar.com\/avatar\/fa74362430e1b1b376c0b027c2757acdf7cc58d6cc45bd094b2c6bd1211821fa?s=96&d=mm&r=g\",\"contentUrl\":\"https:\/\/secure.gravatar.com\/avatar\/fa74362430e1b1b376c0b027c2757acdf7cc58d6cc45bd094b2c6bd1211821fa?s=96&d=mm&r=g\",\"caption\":\"Facultad Veterinaria\"},\"sameAs\":[\"https:\/\/fv.ulpgc.es\"],\"url\":\"https:\/\/www.vet.ulpgc.es\/en\/author\/facultad-veterinaria\/\"}]}<\/script>\n<!-- \/ Yoast SEO plugin. -->","yoast_head_json":{"title":"Otro v\u00eddeo sobre la Facultad de Veterinaria - Facultad de Veterinaria - Universidad de Las Palmas de Gran Canaria","description":"Another video about the Faculty of Veterinary Medicine","robots":{"index":"index","follow":"follow","max-snippet":"max-snippet:-1","max-image-preview":"max-image-preview:large","max-video-preview":"max-video-preview:-1"},"canonical":"https:\/\/www.vet.ulpgc.es\/en\/video-promocional-de-la-facultad-de-veterinaria\/","og_locale":"en_GB","og_type":"article","og_title":"Otro v\u00eddeo sobre la Facultad de Veterinaria - Facultad de Veterinaria - Universidad de Las Palmas de Gran Canaria","og_description":"Otro v\u00eddeo sobre la Facultad de Veterinaria","og_url":"https:\/\/www.vet.ulpgc.es\/en\/video-promocional-de-la-facultad-de-veterinaria\/","og_site_name":"Facultad de Veterinaria - Universidad de Las Palmas de Gran Canaria","article_published_time":"2012-02-20T17:35:43+00:00","author":"Facultad Veterinaria","twitter_card":"summary_large_image","twitter_misc":{"Written by":"Facultad Veterinaria"},"schema":{"@context":"https:\/\/schema.org","@graph":[{"@type":"Article","@id":"https:\/\/www.vet.ulpgc.es\/video-promocional-de-la-facultad-de-veterinaria\/#article","isPartOf":{"@id":"https:\/\/www.vet.ulpgc.es\/video-promocional-de-la-facultad-de-veterinaria\/"},"author":{"name":"Facultad Veterinaria","@id":"https:\/\/www.vet.ulpgc.es\/#\/schema\/person\/d025fd34e26061d01a94416c6506a2d6"},"headline":"Otro v\u00eddeo sobre la Facultad de Veterinaria","datePublished":"2012-02-20T17:35:43+00:00","mainEntityOfPage":{"@id":"https:\/\/www.vet.ulpgc.es\/video-promocional-de-la-facultad-de-veterinaria\/"},"wordCount":77,"publisher":{"@id":"https:\/\/www.vet.ulpgc.es\/#organization"},"articleSection":["actividades","facultad veterinaria","formaci\u00f3n"],"inLanguage":"en-GB"},{"@type":"WebPage","@id":"https:\/\/www.vet.ulpgc.es\/video-promocional-de-la-facultad-de-veterinaria\/","url":"https:\/\/www.vet.ulpgc.es\/video-promocional-de-la-facultad-de-veterinaria\/","name":"Otro v\u00eddeo sobre la Facultad de Veterinaria - Facultad de Veterinaria - Universidad de Las Palmas de Gran Canaria","isPartOf":{"@id":"https:\/\/www.vet.ulpgc.es\/#website"},"datePublished":"2012-02-20T17:35:43+00:00","description":"Another video about the Faculty of Veterinary Medicine","breadcrumb":{"@id":"https:\/\/www.vet.ulpgc.es\/video-promocional-de-la-facultad-de-veterinaria\/#breadcrumb"},"inLanguage":"en-GB","potentialAction":[{"@type":"ReadAction","target":["https:\/\/www.vet.ulpgc.es\/video-promocional-de-la-facultad-de-veterinaria\/"]}]},{"@type":"BreadcrumbList","@id":"https:\/\/www.vet.ulpgc.es\/video-promocional-de-la-facultad-de-veterinaria\/#breadcrumb","itemListElement":[{"@type":"ListItem","position":1,"name":"Inicio","item":"https:\/\/www.vet.ulpgc.es\/"},{"@type":"ListItem","position":2,"name":"Otro v\u00eddeo sobre la Facultad de Veterinaria"}]},{"@type":"WebSite","@id":"https:\/\/www.vet.ulpgc.es\/#website","url":"https:\/\/www.vet.ulpgc.es\/","name":"Faculty of Veterinary Medicine - University of Las Palmas de Gran Canaria","description":"ULPGC","publisher":{"@id":"https:\/\/www.vet.ulpgc.es\/#organization"},"potentialAction":[{"@type":"SearchAction","target":{"@type":"EntryPoint","urlTemplate":"https:\/\/www.vet.ulpgc.es\/?s={search_term_string}"},"query-input":{"@type":"PropertyValueSpecification","valueRequired":true,"valueName":"search_term_string"}}],"inLanguage":"en-GB"},{"@type":"Organization","@id":"https:\/\/www.vet.ulpgc.es\/#organization","name":"ULPGC Faculty of Veterinary Medicine","alternateName":"Facultad de Veterinaria de Las Palmas","url":"https:\/\/www.vet.ulpgc.es\/","logo":{"@type":"ImageObject","inLanguage":"en-GB","@id":"https:\/\/www.vet.ulpgc.es\/#\/schema\/logo\/image\/","url":"","contentUrl":"","caption":"Facultad de Veterinaria ULPGC"},"image":{"@id":"https:\/\/www.vet.ulpgc.es\/#\/schema\/logo\/image\/"}},{"@type":"Person","@id":"https:\/\/www.vet.ulpgc.es\/#\/schema\/person\/d025fd34e26061d01a94416c6506a2d6","name":"Facultad Veterinaria","image":{"@type":"ImageObject","inLanguage":"en-GB","@id":"https:\/\/secure.gravatar.com\/avatar\/fa74362430e1b1b376c0b027c2757acdf7cc58d6cc45bd094b2c6bd1211821fa?s=96&d=mm&r=g","url":"https:\/\/secure.gravatar.com\/avatar\/fa74362430e1b1b376c0b027c2757acdf7cc58d6cc45bd094b2c6bd1211821fa?s=96&d=mm&r=g","contentUrl":"https:\/\/secure.gravatar.com\/avatar\/fa74362430e1b1b376c0b027c2757acdf7cc58d6cc45bd094b2c6bd1211821fa?s=96&d=mm&r=g","caption":"Facultad Veterinaria"},"sameAs":["https:\/\/fv.ulpgc.es"],"url":"https:\/\/www.vet.ulpgc.es\/en\/author\/facultad-veterinaria\/"}]}},"_links":{"self":[{"href":"https:\/\/www.vet.ulpgc.es\/en\/wp-json\/wp\/v2\/posts\/1583","targetHints":{"allow":["GET"]}}],"collection":[{"href":"https:\/\/www.vet.ulpgc.es\/en\/wp-json\/wp\/v2\/posts"}],"about":[{"href":"https:\/\/www.vet.ulpgc.es\/en\/wp-json\/wp\/v2\/types\/post"}],"author":[{"embeddable":true,"href":"https:\/\/www.vet.ulpgc.es\/en\/wp-json\/wp\/v2\/users\/1"}],"replies":[{"embeddable":true,"href":"https:\/\/www.vet.ulpgc.es\/en\/wp-json\/wp\/v2\/comments?post=1583"}],"version-history":[{"count":0,"href":"https:\/\/www.vet.ulpgc.es\/en\/wp-json\/wp\/v2\/posts\/1583\/revisions"}],"wp:attachment":[{"href":"https:\/\/www.vet.ulpgc.es\/en\/wp-json\/wp\/v2\/media?parent=1583"}],"wp:term":[{"taxonomy":"category","embeddable":true,"href":"https:\/\/www.vet.ulpgc.es\/en\/wp-json\/wp\/v2\/categories?post=1583"},{"taxonomy":"post_tag","embeddable":true,"href":"https:\/\/www.vet.ulpgc.es\/en\/wp-json\/wp\/v2\/tags?post=1583"}],"curies":[{"name":"wp","href":"https:\/\/api.w.org\/{rel}","templated":true}]}}